{"id":573,"date":"2015-12-17T10:21:44","date_gmt":"2015-12-17T14:21:44","guid":{"rendered":"http:\/\/gadelanegado.gob.ec\/manabi\/?p=573"},"modified":"2015-12-29T10:36:08","modified_gmt":"2015-12-29T14:36:08","slug":"actividades-del-gad-7","status":"publish","type":"post","link":"https:\/\/gadelanegado.gob.ec\/manabi\/actividades-del-gad-7\/","title":{"rendered":"ACTIVIDADES DEL GAD"},"content":{"rendered":"<p>Atenci\u00f3n de grupo prioritario con personas de tercera edad en la comuna sucre y santa cruz el p\u00e1ramo el progreso lim\u00f3n las Mercedes las planchada mis Baque.<\/p>\n<p><a href=\"http:\/\/gadelanegado.gob.ec\/manabi\/wp-content\/uploads\/2015\/12\/12369022_478359295684035_3544272626465295491_n.jpg\"><img loading=\"lazy\" decoding=\"async\" class=\"alignnone size-medium wp-image-574\" src=\"http:\/\/gadelanegado.gob.ec\/manabi\/wp-content\/uploads\/2015\/12\/12369022_478359295684035_3544272626465295491_n-300x168.jpg\" alt=\"12369022_478359295684035_3544272626465295491_n\" width=\"300\" height=\"168\" data-id=\"574\" srcset=\"https:\/\/gadelanegado.gob.ec\/manabi\/wp-content\/uploads\/2015\/12\/12369022_478359295684035_3544272626465295491_n-300x168.jpg 300w, https:\/\/gadelanegado.gob.ec\/manabi\/wp-content\/uploads\/2015\/12\/12369022_478359295684035_3544272626465295491_n.jpg 960w\" sizes=\"auto, (max-width: 300px) 100vw, 300px\" \/><\/a> <a href=\"http:\/\/gadelanegado.gob.ec\/manabi\/wp-content\/uploads\/2015\/12\/12373312_478358885684076_2278620105317437635_n.jpg\"><img loading=\"lazy\" decoding=\"async\" class=\"alignnone size-medium wp-image-575\" src=\"http:\/\/gadelanegado.gob.ec\/manabi\/wp-content\/uploads\/2015\/12\/12373312_478358885684076_2278620105317437635_n-300x168.jpg\" alt=\"12373312_478358885684076_2278620105317437635_n\" width=\"300\" height=\"168\" data-id=\"575\" srcset=\"https:\/\/gadelanegado.gob.ec\/manabi\/wp-content\/uploads\/2015\/12\/12373312_478358885684076_2278620105317437635_n-300x168.jpg 300w, https:\/\/gadelanegado.gob.ec\/manabi\/wp-content\/uploads\/2015\/12\/12373312_478358885684076_2278620105317437635_n.jpg 960w\" sizes=\"auto, (max-width: 300px) 100vw, 300px\" \/><\/a> <a href=\"http:\/\/gadelanegado.gob.ec\/manabi\/wp-content\/uploads\/2015\/12\/12391421_478358825684082_4379421590085007846_n.jpg\"><img loading=\"lazy\" decoding=\"async\" class=\"alignnone size-medium wp-image-576\" src=\"http:\/\/gadelanegado.gob.ec\/manabi\/wp-content\/uploads\/2015\/12\/12391421_478358825684082_4379421590085007846_n-300x168.jpg\" alt=\"12391421_478358825684082_4379421590085007846_n\" width=\"300\" height=\"168\" data-id=\"576\" srcset=\"https:\/\/gadelanegado.gob.ec\/manabi\/wp-content\/uploads\/2015\/12\/12391421_478358825684082_4379421590085007846_n-300x168.jpg 300w, https:\/\/gadelanegado.gob.ec\/manabi\/wp-content\/uploads\/2015\/12\/12391421_478358825684082_4379421590085007846_n.jpg 960w\" sizes=\"auto, (max-width: 300px) 100vw, 300px\" \/><\/a> <a href=\"http:\/\/gadelanegado.gob.ec\/manabi\/wp-content\/uploads\/2015\/12\/12366268_478359179017380_5390404074594212531_n.jpg\"><img loading=\"lazy\" decoding=\"async\" class=\"alignnone size-medium wp-image-577\" src=\"http:\/\/gadelanegado.gob.ec\/manabi\/wp-content\/uploads\/2015\/12\/12366268_478359179017380_5390404074594212531_n-300x168.jpg\" alt=\"12366268_478359179017380_5390404074594212531_n\" width=\"300\" height=\"168\" data-id=\"577\" srcset=\"https:\/\/gadelanegado.gob.ec\/manabi\/wp-content\/uploads\/2015\/12\/12366268_478359179017380_5390404074594212531_n-300x168.jpg 300w, https:\/\/gadelanegado.gob.ec\/manabi\/wp-content\/uploads\/2015\/12\/12366268_478359179017380_5390404074594212531_n.jpg 960w\" sizes=\"auto, (max-width: 300px) 100vw, 300px\" \/><\/a><\/p>\n","protected":false},"excerpt":{"rendered":"<p>Atenci\u00f3n de grupo prioritario con personas de tercera edad en la comuna sucre y santa cruz el p\u00e1ramo el progreso lim\u00f3n las Mercedes las planchada mis Baque.<\/p>\n","protected":false},"author":4,"featured_media":0,"comment_status":"closed","ping_status":"closed","sticky":false,"template":"","format":"standard","meta":[],"categories":[1],"tags":[],"yst_prominent_words":[],"class_list":["post-573","post","type-post","status-publish","format-standard","hentry","category-sin-categoria","category-1","description-off"],"_links":{"self":[{"href":"https:\/\/gadelanegado.gob.ec\/manabi\/wp-json\/wp\/v2\/posts\/573","targetHints":{"allow":["GET"]}}],"collection":[{"href":"https:\/\/gadelanegado.gob.ec\/manabi\/wp-json\/wp\/v2\/posts"}],"about":[{"href":"https:\/\/gadelanegado.gob.ec\/manabi\/wp-json\/wp\/v2\/types\/post"}],"author":[{"embeddable":true,"href":"https:\/\/gadelanegado.gob.ec\/manabi\/wp-json\/wp\/v2\/users\/4"}],"replies":[{"embeddable":true,"href":"https:\/\/gadelanegado.gob.ec\/manabi\/wp-json\/wp\/v2\/comments?post=573"}],"version-history":[{"count":1,"href":"https:\/\/gadelanegado.gob.ec\/manabi\/wp-json\/wp\/v2\/posts\/573\/revisions"}],"predecessor-version":[{"id":578,"href":"https:\/\/gadelanegado.gob.ec\/manabi\/wp-json\/wp\/v2\/posts\/573\/revisions\/578"}],"wp:attachment":[{"href":"https:\/\/gadelanegado.gob.ec\/manabi\/wp-json\/wp\/v2\/media?parent=573"}],"wp:term":[{"taxonomy":"category","embeddable":true,"href":"https:\/\/gadelanegado.gob.ec\/manabi\/wp-json\/wp\/v2\/categories?post=573"},{"taxonomy":"post_tag","embeddable":true,"href":"https:\/\/gadelanegado.gob.ec\/manabi\/wp-json\/wp\/v2\/tags?post=573"},{"taxonomy":"yst_prominent_words","embeddable":true,"href":"https:\/\/gadelanegado.gob.ec\/manabi\/wp-json\/wp\/v2\/yst_prominent_words?post=573"}],"curies":[{"name":"wp","href":"https:\/\/api.w.org\/{rel}","templated":true}]}}