{"id":569,"date":"2015-12-22T10:19:12","date_gmt":"2015-12-22T14:19:12","guid":{"rendered":"http:\/\/gadelanegado.gob.ec\/manabi\/?p=569"},"modified":"2015-12-29T10:21:07","modified_gmt":"2015-12-29T14:21:07","slug":"gestion-del-gad-el-anegado","status":"publish","type":"post","link":"https:\/\/gadelanegado.gob.ec\/manabi\/gestion-del-gad-el-anegado\/","title":{"rendered":"GESTI\u00d3N DEL GAD EL ANEGADO."},"content":{"rendered":"<p style=\"text-align: justify;\">Rehabilitacion de 3km de via de la comunidad Juan montalvo hasta el albajac\u00e1l, este trabajo se lleva acabo Gracias al Ing. Mariano Zambrano prefecto de MAnabi y a la Gesti\u00f3n del Gad Parroquial <a class=\"profileLink\" href=\"https:\/\/www.facebook.com\/bachita.indacochea\" data-hovercard=\"\/ajax\/hovercard\/user.php?id=100005299065234\">Edilma<\/a>Indacochea. El esfuerzo diario de cada gesti\u00f3n realizada tiene sus resultados. . vamos avanzando. Continuamos trabajando gracias a nuestro prefecto de Manabi Mariano Zambrano.<\/p>\n<p style=\"text-align: justify;\"><a href=\"http:\/\/gadelanegado.gob.ec\/manabi\/wp-content\/uploads\/2015\/12\/12373170_1697020263917667_5140886421136008165_n.jpg\"><img loading=\"lazy\" decoding=\"async\" class=\"alignnone size-medium wp-image-570\" src=\"http:\/\/gadelanegado.gob.ec\/manabi\/wp-content\/uploads\/2015\/12\/12373170_1697020263917667_5140886421136008165_n-300x180.jpg\" alt=\"12373170_1697020263917667_5140886421136008165_n\" width=\"300\" height=\"180\" data-id=\"570\" srcset=\"https:\/\/gadelanegado.gob.ec\/manabi\/wp-content\/uploads\/2015\/12\/12373170_1697020263917667_5140886421136008165_n-300x180.jpg 300w, https:\/\/gadelanegado.gob.ec\/manabi\/wp-content\/uploads\/2015\/12\/12373170_1697020263917667_5140886421136008165_n.jpg 960w\" sizes=\"auto, (max-width: 300px) 100vw, 300px\" \/><\/a> <a href=\"http:\/\/gadelanegado.gob.ec\/manabi\/wp-content\/uploads\/2015\/12\/1010613_1697020247251002_4635706754592472351_n.jpg\"><img loading=\"lazy\" decoding=\"async\" class=\"alignnone size-medium wp-image-571\" src=\"http:\/\/gadelanegado.gob.ec\/manabi\/wp-content\/uploads\/2015\/12\/1010613_1697020247251002_4635706754592472351_n-300x179.jpg\" alt=\"1010613_1697020247251002_4635706754592472351_n\" width=\"300\" height=\"179\" data-id=\"571\" srcset=\"https:\/\/gadelanegado.gob.ec\/manabi\/wp-content\/uploads\/2015\/12\/1010613_1697020247251002_4635706754592472351_n-300x179.jpg 300w, https:\/\/gadelanegado.gob.ec\/manabi\/wp-content\/uploads\/2015\/12\/1010613_1697020247251002_4635706754592472351_n.jpg 552w\" sizes=\"auto, (max-width: 300px) 100vw, 300px\" \/><\/a><\/p>\n<p style=\"text-align: justify;\">\n","protected":false},"excerpt":{"rendered":"<p>Rehabilitacion de 3km de via de la comunidad Juan montalvo hasta el albajac\u00e1l, este trabajo se lleva acabo Gracias al Ing. Mariano Zambrano prefecto de MAnabi y a la Gesti\u00f3n del Gad Parroquial EdilmaIndacochea. El esfuerzo diario de cada gesti\u00f3n realizada tiene sus resultados. . vamos avanzando. Continuamos trabajando gracias a nuestro prefecto de Manabi&hellip;<\/p>\n","protected":false},"author":4,"featured_media":0,"comment_status":"closed","ping_status":"closed","sticky":false,"template":"","format":"standard","meta":[],"categories":[1],"tags":[],"yst_prominent_words":[],"class_list":["post-569","post","type-post","status-publish","format-standard","hentry","category-sin-categoria","category-1","description-off"],"_links":{"self":[{"href":"https:\/\/gadelanegado.gob.ec\/manabi\/wp-json\/wp\/v2\/posts\/569","targetHints":{"allow":["GET"]}}],"collection":[{"href":"https:\/\/gadelanegado.gob.ec\/manabi\/wp-json\/wp\/v2\/posts"}],"about":[{"href":"https:\/\/gadelanegado.gob.ec\/manabi\/wp-json\/wp\/v2\/types\/post"}],"author":[{"embeddable":true,"href":"https:\/\/gadelanegado.gob.ec\/manabi\/wp-json\/wp\/v2\/users\/4"}],"replies":[{"embeddable":true,"href":"https:\/\/gadelanegado.gob.ec\/manabi\/wp-json\/wp\/v2\/comments?post=569"}],"version-history":[{"count":1,"href":"https:\/\/gadelanegado.gob.ec\/manabi\/wp-json\/wp\/v2\/posts\/569\/revisions"}],"predecessor-version":[{"id":572,"href":"https:\/\/gadelanegado.gob.ec\/manabi\/wp-json\/wp\/v2\/posts\/569\/revisions\/572"}],"wp:attachment":[{"href":"https:\/\/gadelanegado.gob.ec\/manabi\/wp-json\/wp\/v2\/media?parent=569"}],"wp:term":[{"taxonomy":"category","embeddable":true,"href":"https:\/\/gadelanegado.gob.ec\/manabi\/wp-json\/wp\/v2\/categories?post=569"},{"taxonomy":"post_tag","embeddable":true,"href":"https:\/\/gadelanegado.gob.ec\/manabi\/wp-json\/wp\/v2\/tags?post=569"},{"taxonomy":"yst_prominent_words","embeddable":true,"href":"https:\/\/gadelanegado.gob.ec\/manabi\/wp-json\/wp\/v2\/yst_prominent_words?post=569"}],"curies":[{"name":"wp","href":"https:\/\/api.w.org\/{rel}","templated":true}]}}