{"id":554,"date":"2015-12-03T09:51:53","date_gmt":"2015-12-03T13:51:53","guid":{"rendered":"http:\/\/gadelanegado.gob.ec\/manabi\/?p=554"},"modified":"2015-12-29T09:57:05","modified_gmt":"2015-12-29T13:57:05","slug":"actividades-del-gad-parroquial-5","status":"publish","type":"post","link":"https:\/\/gadelanegado.gob.ec\/manabi\/actividades-del-gad-parroquial-5\/","title":{"rendered":"ACTiVIDADES DEL GAD PARROQUIAL"},"content":{"rendered":"<p>Reuni\u00f3n en el Barrio Colon Alfaro y Mira Flores. Donde se socializ\u00f3 El presupuesto participativo 2016. Los Barrios ser\u00e1n beneficiados con un peque\u00f1o recurso por parte de GAD Parroquial El Anegado, para la construcci\u00f3n de una obra prioritaria. Continuamos visitando los barrios de nuestra Parroquia. <span class=\"text_exposed_hide\">&#8230;T<\/span>rabajando por el progreso de todos. Impulsando la participaci\u00f3n ciudadana.Fortaleciendo la uni\u00f3n de los barrios.<\/p>\n<p><a href=\"http:\/\/gadelanegado.gob.ec\/manabi\/wp-content\/uploads\/2015\/12\/12314121_1689591021327258_7343914063148132450_n.jpg\"><img loading=\"lazy\" decoding=\"async\" class=\"alignnone size-medium wp-image-555\" src=\"http:\/\/gadelanegado.gob.ec\/manabi\/wp-content\/uploads\/2015\/12\/12314121_1689591021327258_7343914063148132450_n-300x225.jpg\" alt=\"12314121_1689591021327258_7343914063148132450_n\" width=\"300\" height=\"225\" data-id=\"555\" srcset=\"https:\/\/gadelanegado.gob.ec\/manabi\/wp-content\/uploads\/2015\/12\/12314121_1689591021327258_7343914063148132450_n-300x225.jpg 300w, https:\/\/gadelanegado.gob.ec\/manabi\/wp-content\/uploads\/2015\/12\/12314121_1689591021327258_7343914063148132450_n.jpg 960w\" sizes=\"auto, (max-width: 300px) 100vw, 300px\" \/><\/a> <a href=\"http:\/\/gadelanegado.gob.ec\/manabi\/wp-content\/uploads\/2015\/12\/12303960_1689591137993913_2923804191526373414_o.jpg\"><img loading=\"lazy\" decoding=\"async\" class=\"alignnone size-medium wp-image-556\" src=\"http:\/\/gadelanegado.gob.ec\/manabi\/wp-content\/uploads\/2015\/12\/12303960_1689591137993913_2923804191526373414_o-300x168.jpg\" alt=\"12303960_1689591137993913_2923804191526373414_o\" width=\"300\" height=\"168\" data-id=\"556\" srcset=\"https:\/\/gadelanegado.gob.ec\/manabi\/wp-content\/uploads\/2015\/12\/12303960_1689591137993913_2923804191526373414_o-300x168.jpg 300w, https:\/\/gadelanegado.gob.ec\/manabi\/wp-content\/uploads\/2015\/12\/12303960_1689591137993913_2923804191526373414_o.jpg 1024w\" sizes=\"auto, (max-width: 300px) 100vw, 300px\" \/><\/a><\/p>\n","protected":false},"excerpt":{"rendered":"<p>Reuni\u00f3n en el Barrio Colon Alfaro y Mira Flores. Donde se socializ\u00f3 El presupuesto participativo 2016. Los Barrios ser\u00e1n beneficiados con un peque\u00f1o recurso por parte de GAD Parroquial El Anegado, para la construcci\u00f3n de una obra prioritaria. Continuamos visitando los barrios de nuestra Parroquia. &#8230;Trabajando por el progreso de todos. Impulsando la participaci\u00f3n ciudadana.Fortaleciendo&hellip;<\/p>\n","protected":false},"author":4,"featured_media":0,"comment_status":"closed","ping_status":"closed","sticky":false,"template":"","format":"standard","meta":[],"categories":[1],"tags":[],"yst_prominent_words":[],"class_list":["post-554","post","type-post","status-publish","format-standard","hentry","category-sin-categoria","category-1","description-off"],"_links":{"self":[{"href":"https:\/\/gadelanegado.gob.ec\/manabi\/wp-json\/wp\/v2\/posts\/554","targetHints":{"allow":["GET"]}}],"collection":[{"href":"https:\/\/gadelanegado.gob.ec\/manabi\/wp-json\/wp\/v2\/posts"}],"about":[{"href":"https:\/\/gadelanegado.gob.ec\/manabi\/wp-json\/wp\/v2\/types\/post"}],"author":[{"embeddable":true,"href":"https:\/\/gadelanegado.gob.ec\/manabi\/wp-json\/wp\/v2\/users\/4"}],"replies":[{"embeddable":true,"href":"https:\/\/gadelanegado.gob.ec\/manabi\/wp-json\/wp\/v2\/comments?post=554"}],"version-history":[{"count":1,"href":"https:\/\/gadelanegado.gob.ec\/manabi\/wp-json\/wp\/v2\/posts\/554\/revisions"}],"predecessor-version":[{"id":557,"href":"https:\/\/gadelanegado.gob.ec\/manabi\/wp-json\/wp\/v2\/posts\/554\/revisions\/557"}],"wp:attachment":[{"href":"https:\/\/gadelanegado.gob.ec\/manabi\/wp-json\/wp\/v2\/media?parent=554"}],"wp:term":[{"taxonomy":"category","embeddable":true,"href":"https:\/\/gadelanegado.gob.ec\/manabi\/wp-json\/wp\/v2\/categories?post=554"},{"taxonomy":"post_tag","embeddable":true,"href":"https:\/\/gadelanegado.gob.ec\/manabi\/wp-json\/wp\/v2\/tags?post=554"},{"taxonomy":"yst_prominent_words","embeddable":true,"href":"https:\/\/gadelanegado.gob.ec\/manabi\/wp-json\/wp\/v2\/yst_prominent_words?post=554"}],"curies":[{"name":"wp","href":"https:\/\/api.w.org\/{rel}","templated":true}]}}