{"id":526,"date":"2015-11-24T09:25:44","date_gmt":"2015-11-24T13:25:44","guid":{"rendered":"http:\/\/gadelanegado.gob.ec\/manabi\/?p=526"},"modified":"2015-12-29T09:27:34","modified_gmt":"2015-12-29T13:27:34","slug":"reunion-del-gad","status":"publish","type":"post","link":"https:\/\/gadelanegado.gob.ec\/manabi\/reunion-del-gad\/","title":{"rendered":"REUNION DEL GAD"},"content":{"rendered":"<p>Se realiz\u00f3 la socializaci\u00f3n del PRESUPUESTO 2016, para la cabecera parroquial y sus Barrios.<br \/>\nFortaleciendo la participaci\u00f3n ciudadana e involucrando a la ciudadan\u00eda a que sea participe de estas reuniones parroquiales.<\/p>\n<p>&nbsp;<\/p>\n<p><a href=\"http:\/\/gadelanegado.gob.ec\/manabi\/wp-content\/uploads\/2015\/12\/12250126_1686447014974992_5845224614541535106_n.jpg\"><img loading=\"lazy\" decoding=\"async\" class=\"alignnone size-medium wp-image-527\" src=\"http:\/\/gadelanegado.gob.ec\/manabi\/wp-content\/uploads\/2015\/12\/12250126_1686447014974992_5845224614541535106_n-300x180.jpg\" alt=\"12250126_1686447014974992_5845224614541535106_n\" width=\"300\" height=\"180\" data-id=\"527\" srcset=\"https:\/\/gadelanegado.gob.ec\/manabi\/wp-content\/uploads\/2015\/12\/12250126_1686447014974992_5845224614541535106_n-300x180.jpg 300w, https:\/\/gadelanegado.gob.ec\/manabi\/wp-content\/uploads\/2015\/12\/12250126_1686447014974992_5845224614541535106_n.jpg 960w\" sizes=\"auto, (max-width: 300px) 100vw, 300px\" \/><\/a> <a href=\"http:\/\/gadelanegado.gob.ec\/manabi\/wp-content\/uploads\/2015\/12\/12299161_1686447124974981_56866303040669212_n.jpg\"><img loading=\"lazy\" decoding=\"async\" class=\"alignnone size-medium wp-image-528\" src=\"http:\/\/gadelanegado.gob.ec\/manabi\/wp-content\/uploads\/2015\/12\/12299161_1686447124974981_56866303040669212_n-300x180.jpg\" alt=\"12299161_1686447124974981_56866303040669212_n\" width=\"300\" height=\"180\" data-id=\"528\" srcset=\"https:\/\/gadelanegado.gob.ec\/manabi\/wp-content\/uploads\/2015\/12\/12299161_1686447124974981_56866303040669212_n-300x180.jpg 300w, https:\/\/gadelanegado.gob.ec\/manabi\/wp-content\/uploads\/2015\/12\/12299161_1686447124974981_56866303040669212_n.jpg 960w\" sizes=\"auto, (max-width: 300px) 100vw, 300px\" \/><\/a><\/p>\n","protected":false},"excerpt":{"rendered":"<p>Se realiz\u00f3 la socializaci\u00f3n del PRESUPUESTO 2016, para la cabecera parroquial y sus Barrios. Fortaleciendo la participaci\u00f3n ciudadana e involucrando a la ciudadan\u00eda a que sea participe de estas reuniones parroquiales. &nbsp;<\/p>\n","protected":false},"author":4,"featured_media":0,"comment_status":"closed","ping_status":"closed","sticky":false,"template":"","format":"standard","meta":[],"categories":[1],"tags":[],"yst_prominent_words":[],"class_list":["post-526","post","type-post","status-publish","format-standard","hentry","category-sin-categoria","category-1","description-off"],"_links":{"self":[{"href":"https:\/\/gadelanegado.gob.ec\/manabi\/wp-json\/wp\/v2\/posts\/526","targetHints":{"allow":["GET"]}}],"collection":[{"href":"https:\/\/gadelanegado.gob.ec\/manabi\/wp-json\/wp\/v2\/posts"}],"about":[{"href":"https:\/\/gadelanegado.gob.ec\/manabi\/wp-json\/wp\/v2\/types\/post"}],"author":[{"embeddable":true,"href":"https:\/\/gadelanegado.gob.ec\/manabi\/wp-json\/wp\/v2\/users\/4"}],"replies":[{"embeddable":true,"href":"https:\/\/gadelanegado.gob.ec\/manabi\/wp-json\/wp\/v2\/comments?post=526"}],"version-history":[{"count":1,"href":"https:\/\/gadelanegado.gob.ec\/manabi\/wp-json\/wp\/v2\/posts\/526\/revisions"}],"predecessor-version":[{"id":529,"href":"https:\/\/gadelanegado.gob.ec\/manabi\/wp-json\/wp\/v2\/posts\/526\/revisions\/529"}],"wp:attachment":[{"href":"https:\/\/gadelanegado.gob.ec\/manabi\/wp-json\/wp\/v2\/media?parent=526"}],"wp:term":[{"taxonomy":"category","embeddable":true,"href":"https:\/\/gadelanegado.gob.ec\/manabi\/wp-json\/wp\/v2\/categories?post=526"},{"taxonomy":"post_tag","embeddable":true,"href":"https:\/\/gadelanegado.gob.ec\/manabi\/wp-json\/wp\/v2\/tags?post=526"},{"taxonomy":"yst_prominent_words","embeddable":true,"href":"https:\/\/gadelanegado.gob.ec\/manabi\/wp-json\/wp\/v2\/yst_prominent_words?post=526"}],"curies":[{"name":"wp","href":"https:\/\/api.w.org\/{rel}","templated":true}]}}