{"id":404,"date":"2014-08-04T10:53:38","date_gmt":"2014-08-04T14:53:38","guid":{"rendered":"http:\/\/gadelanegado.gob.ec\/manabi\/?p=404"},"modified":"2015-03-19T11:08:50","modified_gmt":"2015-03-19T15:08:50","slug":"asamblea-parroquial-2","status":"publish","type":"post","link":"https:\/\/gadelanegado.gob.ec\/manabi\/asamblea-parroquial-2\/","title":{"rendered":"Asamblea Parroquial"},"content":{"rendered":"<p>El d\u00eda 30 de julio de llevo a cabo la asamblea parroquial que tenia como objetivo informar sobre los avance del proyecto del caf\u00e9, presupuesto y poa 2014 \u00a0y as\u00ed mismos se realizo la \u00a0Elecci\u00f3n de los representante de la ciudadan\u00eda ante el Consejo de planificaci\u00f3n.<\/p>\n<p>Entre los cuales salieron electos los\u00a0siguientes:\u00a0\u00a0Sr. Jaime Pincay, Sra. Rita Calderon y Sr. Ricardo Sol\u00eds con sus respectivos suplentes \u00a0Sr. Paulino Menoscal, Sra. Margarita Galarza y Sr. Oswasdo Sol\u00eds<\/p>\n<p><a href=\"http:\/\/gadelanegado.gob.ec\/manabi\/wp-content\/uploads\/2015\/03\/Foto-asamblea30.jpg\"><img loading=\"lazy\" decoding=\"async\" class=\"alignnone size-medium wp-image-405\" src=\"http:\/\/gadelanegado.gob.ec\/manabi\/wp-content\/uploads\/2015\/03\/Foto-asamblea30-300x168.jpg\" alt=\"Foto asamblea30\" width=\"300\" height=\"168\" data-id=\"405\" srcset=\"https:\/\/gadelanegado.gob.ec\/manabi\/wp-content\/uploads\/2015\/03\/Foto-asamblea30-300x168.jpg 300w, https:\/\/gadelanegado.gob.ec\/manabi\/wp-content\/uploads\/2015\/03\/Foto-asamblea30.jpg 960w\" sizes=\"auto, (max-width: 300px) 100vw, 300px\" \/><\/a> <a href=\"http:\/\/gadelanegado.gob.ec\/manabi\/wp-content\/uploads\/2015\/03\/fotoasamblea301.jpg\"><img loading=\"lazy\" decoding=\"async\" class=\"alignnone size-medium wp-image-406\" src=\"http:\/\/gadelanegado.gob.ec\/manabi\/wp-content\/uploads\/2015\/03\/fotoasamblea301-300x168.jpg\" alt=\"fotoasamblea301\" width=\"300\" height=\"168\" data-id=\"406\" srcset=\"https:\/\/gadelanegado.gob.ec\/manabi\/wp-content\/uploads\/2015\/03\/fotoasamblea301-300x168.jpg 300w, https:\/\/gadelanegado.gob.ec\/manabi\/wp-content\/uploads\/2015\/03\/fotoasamblea301.jpg 960w\" sizes=\"auto, (max-width: 300px) 100vw, 300px\" \/><\/a><a href=\"http:\/\/gadelanegado.gob.ec\/manabi\/wp-content\/uploads\/2015\/03\/asamblea.jpg\"><img loading=\"lazy\" decoding=\"async\" class=\"alignnone size-medium wp-image-407\" src=\"http:\/\/gadelanegado.gob.ec\/manabi\/wp-content\/uploads\/2015\/03\/asamblea-300x168.jpg\" alt=\"asamblea\" width=\"300\" height=\"168\" data-id=\"407\" srcset=\"https:\/\/gadelanegado.gob.ec\/manabi\/wp-content\/uploads\/2015\/03\/asamblea-300x168.jpg 300w, https:\/\/gadelanegado.gob.ec\/manabi\/wp-content\/uploads\/2015\/03\/asamblea.jpg 960w\" sizes=\"auto, (max-width: 300px) 100vw, 300px\" \/><\/a><\/p>\n<p>&nbsp;<\/p>\n","protected":false},"excerpt":{"rendered":"<p>El d\u00eda 30 de julio de llevo a cabo la asamblea parroquial que tenia como objetivo informar sobre los avance del proyecto del caf\u00e9, presupuesto y poa 2014 \u00a0y as\u00ed mismos se realizo la \u00a0Elecci\u00f3n de los representante de la ciudadan\u00eda ante el Consejo de planificaci\u00f3n. Entre los cuales salieron electos los\u00a0siguientes:\u00a0\u00a0Sr. Jaime Pincay, Sra.&hellip;<\/p>\n","protected":false},"author":4,"featured_media":0,"comment_status":"closed","ping_status":"closed","sticky":false,"template":"","format":"standard","meta":[],"categories":[1],"tags":[],"yst_prominent_words":[],"class_list":["post-404","post","type-post","status-publish","format-standard","hentry","category-sin-categoria","category-1","description-off"],"_links":{"self":[{"href":"https:\/\/gadelanegado.gob.ec\/manabi\/wp-json\/wp\/v2\/posts\/404","targetHints":{"allow":["GET"]}}],"collection":[{"href":"https:\/\/gadelanegado.gob.ec\/manabi\/wp-json\/wp\/v2\/posts"}],"about":[{"href":"https:\/\/gadelanegado.gob.ec\/manabi\/wp-json\/wp\/v2\/types\/post"}],"author":[{"embeddable":true,"href":"https:\/\/gadelanegado.gob.ec\/manabi\/wp-json\/wp\/v2\/users\/4"}],"replies":[{"embeddable":true,"href":"https:\/\/gadelanegado.gob.ec\/manabi\/wp-json\/wp\/v2\/comments?post=404"}],"version-history":[{"count":1,"href":"https:\/\/gadelanegado.gob.ec\/manabi\/wp-json\/wp\/v2\/posts\/404\/revisions"}],"predecessor-version":[{"id":408,"href":"https:\/\/gadelanegado.gob.ec\/manabi\/wp-json\/wp\/v2\/posts\/404\/revisions\/408"}],"wp:attachment":[{"href":"https:\/\/gadelanegado.gob.ec\/manabi\/wp-json\/wp\/v2\/media?parent=404"}],"wp:term":[{"taxonomy":"category","embeddable":true,"href":"https:\/\/gadelanegado.gob.ec\/manabi\/wp-json\/wp\/v2\/categories?post=404"},{"taxonomy":"post_tag","embeddable":true,"href":"https:\/\/gadelanegado.gob.ec\/manabi\/wp-json\/wp\/v2\/tags?post=404"},{"taxonomy":"yst_prominent_words","embeddable":true,"href":"https:\/\/gadelanegado.gob.ec\/manabi\/wp-json\/wp\/v2\/yst_prominent_words?post=404"}],"curies":[{"name":"wp","href":"https:\/\/api.w.org\/{rel}","templated":true}]}}