{"id":3739,"date":"2023-04-30T11:12:12","date_gmt":"2023-04-30T15:12:12","guid":{"rendered":"https:\/\/gadelanegado.gob.ec\/manabi\/?p=3739"},"modified":"2023-05-11T11:13:17","modified_gmt":"2023-05-11T15:13:17","slug":"convocatoria-8","status":"publish","type":"post","link":"https:\/\/gadelanegado.gob.ec\/manabi\/convocatoria-8\/","title":{"rendered":"CONVOCATORIA"},"content":{"rendered":"<h3 class=\"colorenlace colorhoverh3\" style=\"text-align: center;\">El Gobierno Aut\u00f3nomo Descentralizado Parroquial Rural El Anegado, en cumplimiento a lo establecido en el ART. 100\u00a0 de la Constituci\u00f3n de la Rep\u00fablica del Ecuador en vigencia, los ART. 90 y 92 de la Ley Org\u00e1nica de Participaci\u00f3n Ciudadana\u00a0 \u00a0del Consejo de Participaci\u00f3n Ciudadana y Control Social, me permito invitar a la Asamblea Parroquial de acto de RENDICI\u00d3N DE CUENTA DE GAD PARROQUIAL EL ANEGADO, del periodo ENERO \u2013 DICIEMBRE 2022<\/h3>\n<p>Fecha: MARTES 09 de mayo\u00a0 del 2022<\/p>\n<p>Hora: 14 H00 pm<\/p>\n<p>Lugar: Sala de reuniones del GAD Parroquial<\/p>\n<p>Direcci\u00f3n: Calle Principal a 50 metros pasando el Colegio<\/p>\n","protected":false},"excerpt":{"rendered":"<p>El Gobierno Aut\u00f3nomo Descentralizado Parroquial Rural El Anegado, en cumplimiento a lo establecido en el ART. 100\u00a0 de la Constituci\u00f3n de la Rep\u00fablica del Ecuador en vigencia, los ART. 90 y 92 de la Ley Org\u00e1nica de Participaci\u00f3n Ciudadana\u00a0 \u00a0del Consejo de Participaci\u00f3n Ciudadana y Control Social, me permito invitar a la Asamblea Parroquial de&hellip;<\/p>\n","protected":false},"author":6,"featured_media":0,"comment_status":"closed","ping_status":"closed","sticky":false,"template":"","format":"standard","meta":[],"categories":[1],"tags":[],"yst_prominent_words":[58,135,137,160,223,124,136,134],"class_list":["post-3739","post","type-post","status-publish","format-standard","hentry","category-sin-categoria","category-1","description-off"],"_links":{"self":[{"href":"https:\/\/gadelanegado.gob.ec\/manabi\/wp-json\/wp\/v2\/posts\/3739","targetHints":{"allow":["GET"]}}],"collection":[{"href":"https:\/\/gadelanegado.gob.ec\/manabi\/wp-json\/wp\/v2\/posts"}],"about":[{"href":"https:\/\/gadelanegado.gob.ec\/manabi\/wp-json\/wp\/v2\/types\/post"}],"author":[{"embeddable":true,"href":"https:\/\/gadelanegado.gob.ec\/manabi\/wp-json\/wp\/v2\/users\/6"}],"replies":[{"embeddable":true,"href":"https:\/\/gadelanegado.gob.ec\/manabi\/wp-json\/wp\/v2\/comments?post=3739"}],"version-history":[{"count":1,"href":"https:\/\/gadelanegado.gob.ec\/manabi\/wp-json\/wp\/v2\/posts\/3739\/revisions"}],"predecessor-version":[{"id":3740,"href":"https:\/\/gadelanegado.gob.ec\/manabi\/wp-json\/wp\/v2\/posts\/3739\/revisions\/3740"}],"wp:attachment":[{"href":"https:\/\/gadelanegado.gob.ec\/manabi\/wp-json\/wp\/v2\/media?parent=3739"}],"wp:term":[{"taxonomy":"category","embeddable":true,"href":"https:\/\/gadelanegado.gob.ec\/manabi\/wp-json\/wp\/v2\/categories?post=3739"},{"taxonomy":"post_tag","embeddable":true,"href":"https:\/\/gadelanegado.gob.ec\/manabi\/wp-json\/wp\/v2\/tags?post=3739"},{"taxonomy":"yst_prominent_words","embeddable":true,"href":"https:\/\/gadelanegado.gob.ec\/manabi\/wp-json\/wp\/v2\/yst_prominent_words?post=3739"}],"curies":[{"name":"wp","href":"https:\/\/api.w.org\/{rel}","templated":true}]}}