{"id":2526,"date":"2019-04-18T11:52:49","date_gmt":"2019-04-18T15:52:49","guid":{"rendered":"https:\/\/gadelanegado.gob.ec\/manabi\/?p=2526"},"modified":"2020-09-25T11:57:23","modified_gmt":"2020-09-25T15:57:23","slug":"convocatoria-6","status":"publish","type":"post","link":"https:\/\/gadelanegado.gob.ec\/manabi\/convocatoria-6\/","title":{"rendered":"CONVOCATORIA"},"content":{"rendered":"<h3 class=\"colorenlace colorhoverh3\">El Gobierno Aut\u00f3nomo Descentralizado Parroquial Rural El Anegado, en cumplimiento a lo establecido en el ART. 100\u00a0 de la Constituci\u00f3n de la Rep\u00fablica del Ecuador en vigencia, los ART. 90 y 92 de la Ley Org\u00e1nica de Participaci\u00f3n Ciudadana y la Resoluci\u00f3n N\u00b0 CPCCS-PLE-SG-042-2020-251\u00a0 del Consejo de Participaci\u00f3n Ciudadana y Control Social, me permito invitar a la Asamblea Parroquial de acto de RENDICI\u00d3N DE CUENTA DE GAD PARROQUIAL EL ANEGADO, del periodo ENERO \u2013 DICIEMBRE 2018.<\/h3>\n<p>Fecha: MI\u00c9RCOLES 24 DE ABRIL DEL 2019<\/p>\n<p>Lugar: Casa Parroquial<\/p>\n<p>Hora: 14H00<\/p>\n<p style=\"text-align: center;\">Sra. Edilma Indacochea Gonz\u00e1lez<\/p>\n<p style=\"text-align: center;\">PRESIDENTA<\/p>\n","protected":false},"excerpt":{"rendered":"<p>El Gobierno Aut\u00f3nomo Descentralizado Parroquial Rural El Anegado, en cumplimiento a lo establecido en el ART. 100\u00a0 de la Constituci\u00f3n de la Rep\u00fablica del Ecuador en vigencia, los ART. 90 y 92 de la Ley Org\u00e1nica de Participaci\u00f3n Ciudadana y la Resoluci\u00f3n N\u00b0 CPCCS-PLE-SG-042-2020-251\u00a0 del Consejo de Participaci\u00f3n Ciudadana y Control Social, me permito invitar&hellip;<\/p>\n","protected":false},"author":4,"featured_media":0,"comment_status":"closed","ping_status":"closed","sticky":false,"template":"","format":"standard","meta":[],"categories":[1],"tags":[],"yst_prominent_words":[58,135,137,124,136,134],"class_list":["post-2526","post","type-post","status-publish","format-standard","hentry","category-sin-categoria","category-1","description-off"],"_links":{"self":[{"href":"https:\/\/gadelanegado.gob.ec\/manabi\/wp-json\/wp\/v2\/posts\/2526","targetHints":{"allow":["GET"]}}],"collection":[{"href":"https:\/\/gadelanegado.gob.ec\/manabi\/wp-json\/wp\/v2\/posts"}],"about":[{"href":"https:\/\/gadelanegado.gob.ec\/manabi\/wp-json\/wp\/v2\/types\/post"}],"author":[{"embeddable":true,"href":"https:\/\/gadelanegado.gob.ec\/manabi\/wp-json\/wp\/v2\/users\/4"}],"replies":[{"embeddable":true,"href":"https:\/\/gadelanegado.gob.ec\/manabi\/wp-json\/wp\/v2\/comments?post=2526"}],"version-history":[{"count":2,"href":"https:\/\/gadelanegado.gob.ec\/manabi\/wp-json\/wp\/v2\/posts\/2526\/revisions"}],"predecessor-version":[{"id":2528,"href":"https:\/\/gadelanegado.gob.ec\/manabi\/wp-json\/wp\/v2\/posts\/2526\/revisions\/2528"}],"wp:attachment":[{"href":"https:\/\/gadelanegado.gob.ec\/manabi\/wp-json\/wp\/v2\/media?parent=2526"}],"wp:term":[{"taxonomy":"category","embeddable":true,"href":"https:\/\/gadelanegado.gob.ec\/manabi\/wp-json\/wp\/v2\/categories?post=2526"},{"taxonomy":"post_tag","embeddable":true,"href":"https:\/\/gadelanegado.gob.ec\/manabi\/wp-json\/wp\/v2\/tags?post=2526"},{"taxonomy":"yst_prominent_words","embeddable":true,"href":"https:\/\/gadelanegado.gob.ec\/manabi\/wp-json\/wp\/v2\/yst_prominent_words?post=2526"}],"curies":[{"name":"wp","href":"https:\/\/api.w.org\/{rel}","templated":true}]}}