{"id":252,"date":"2015-02-11T13:24:36","date_gmt":"2015-02-11T17:24:36","guid":{"rendered":"http:\/\/gadelanegado.gob.ec\/manabi\/?p=252"},"modified":"2015-02-21T09:49:59","modified_gmt":"2015-02-21T13:49:59","slug":"convocatoria","status":"publish","type":"post","link":"https:\/\/gadelanegado.gob.ec\/manabi\/convocatoria\/","title":{"rendered":"Convocatoria"},"content":{"rendered":"<p style=\"text-align: center;\"><strong>EL GOBIERNO PARROQUIAL RURAL EL ANEGADO<\/strong><\/p>\n<p style=\"text-align: center;\"><strong><a href=\"http:\/\/gadelanegado.gob.ec\/manabi\/wp-content\/uploads\/2011\/10\/Escudo_Anegado.jpg\"><img loading=\"lazy\" decoding=\"async\" class=\"alignnone  wp-image-109\" src=\"http:\/\/gadelanegado.gob.ec\/manabi\/wp-content\/uploads\/2011\/10\/Escudo_Anegado-292x300.jpg\" alt=\"Escudo_Anegado\" width=\"91\" height=\"93\" data-id=\"109\" srcset=\"https:\/\/gadelanegado.gob.ec\/manabi\/wp-content\/uploads\/2011\/10\/Escudo_Anegado-292x300.jpg 292w, https:\/\/gadelanegado.gob.ec\/manabi\/wp-content\/uploads\/2011\/10\/Escudo_Anegado.jpg 491w\" sizes=\"auto, (max-width: 91px) 100vw, 91px\" \/><\/a>\u00a0<\/strong><\/p>\n<p style=\"text-align: center;\">En cumplimiento a lo dispuesto en la Constituci\u00f3n de la Rep\u00fablica,<\/p>\n<p style=\"text-align: center;\">Ley Org\u00e1nica de Participaci\u00f3n Ciudadana y Ley Org\u00e1nica del Consejo de Participaci\u00f3n Ciudadana y Control Social, el Gobierno Parroquial Rural del Anegado tiene el agrado de invitar a usted a la<\/p>\n<p style=\"text-align: center;\"><strong>RENDICI\u00d3N DE CUENTA 2014<\/strong><\/p>\n<p style=\"text-align: center;\">Lugar: Casa parroquial<\/p>\n<p style=\"text-align: center;\">Direcci\u00f3n: Calle Eloy Alfaro<\/p>\n<p style=\"text-align: center;\">Fecha: Jueves 26 de febrero del 2014<\/p>\n<p style=\"text-align: center;\">Hora: 14H00pm<\/p>\n<p style=\"text-align: center;\">\n<p style=\"text-align: center;\">Atentamente,<\/p>\n<p style=\"text-align: center;\">\n<p style=\"text-align: center;\">Sra. Edilma Indacochea Gonz\u00e1lez<\/p>\n<p style=\"text-align: center;\"><strong>PRESIDENTA<\/strong><\/p>\n<p style=\"text-align: center;\"><strong>GAD PARROQUIAL RURAL EL ANEGADO<\/strong><\/p>\n","protected":false},"excerpt":{"rendered":"<p>EL GOBIERNO PARROQUIAL RURAL EL ANEGADO \u00a0 En cumplimiento a lo dispuesto en la Constituci\u00f3n de la Rep\u00fablica, Ley Org\u00e1nica de Participaci\u00f3n Ciudadana y Ley Org\u00e1nica del Consejo de Participaci\u00f3n Ciudadana y Control Social, el Gobierno Parroquial Rural del Anegado tiene el agrado de invitar a usted a la RENDICI\u00d3N DE CUENTA 2014 Lugar: Casa&hellip;<\/p>\n","protected":false},"author":4,"featured_media":0,"comment_status":"closed","ping_status":"closed","sticky":false,"template":"","format":"standard","meta":[],"categories":[1],"tags":[],"yst_prominent_words":[],"class_list":["post-252","post","type-post","status-publish","format-standard","hentry","category-sin-categoria","category-1","description-off"],"_links":{"self":[{"href":"https:\/\/gadelanegado.gob.ec\/manabi\/wp-json\/wp\/v2\/posts\/252","targetHints":{"allow":["GET"]}}],"collection":[{"href":"https:\/\/gadelanegado.gob.ec\/manabi\/wp-json\/wp\/v2\/posts"}],"about":[{"href":"https:\/\/gadelanegado.gob.ec\/manabi\/wp-json\/wp\/v2\/types\/post"}],"author":[{"embeddable":true,"href":"https:\/\/gadelanegado.gob.ec\/manabi\/wp-json\/wp\/v2\/users\/4"}],"replies":[{"embeddable":true,"href":"https:\/\/gadelanegado.gob.ec\/manabi\/wp-json\/wp\/v2\/comments?post=252"}],"version-history":[{"count":5,"href":"https:\/\/gadelanegado.gob.ec\/manabi\/wp-json\/wp\/v2\/posts\/252\/revisions"}],"predecessor-version":[{"id":260,"href":"https:\/\/gadelanegado.gob.ec\/manabi\/wp-json\/wp\/v2\/posts\/252\/revisions\/260"}],"wp:attachment":[{"href":"https:\/\/gadelanegado.gob.ec\/manabi\/wp-json\/wp\/v2\/media?parent=252"}],"wp:term":[{"taxonomy":"category","embeddable":true,"href":"https:\/\/gadelanegado.gob.ec\/manabi\/wp-json\/wp\/v2\/categories?post=252"},{"taxonomy":"post_tag","embeddable":true,"href":"https:\/\/gadelanegado.gob.ec\/manabi\/wp-json\/wp\/v2\/tags?post=252"},{"taxonomy":"yst_prominent_words","embeddable":true,"href":"https:\/\/gadelanegado.gob.ec\/manabi\/wp-json\/wp\/v2\/yst_prominent_words?post=252"}],"curies":[{"name":"wp","href":"https:\/\/api.w.org\/{rel}","templated":true}]}}