{"id":129,"date":"2011-10-19T15:49:58","date_gmt":"2011-10-19T19:49:58","guid":{"rendered":"http:\/\/gadelanegado.gob.ec\/manabi\/?p=129"},"modified":"2015-01-13T11:52:08","modified_gmt":"2015-01-13T15:52:08","slug":"bienvenidos-a-la-parroquia-qcojimiesq","status":"publish","type":"post","link":"https:\/\/gadelanegado.gob.ec\/manabi\/bienvenidos-a-la-parroquia-qcojimiesq\/","title":{"rendered":"Bienvenidos a la Parroquia"},"content":{"rendered":"<p style=\"text-align: center;\"><img loading=\"lazy\" decoding=\"async\" class=\"  alignnone wp-image-128\" style=\"width: 240px; height: 176px;\" src=\"http:\/\/gadelanegado.gob.ec\/manabi\/wp-content\/uploads\/2011\/10\/Imagen2.png\" alt=\"\" width=\"629\" height=\"460\" srcset=\"https:\/\/gadelanegado.gob.ec\/manabi\/wp-content\/uploads\/2011\/10\/Imagen2.png 829w, https:\/\/gadelanegado.gob.ec\/manabi\/wp-content\/uploads\/2011\/10\/Imagen2-300x219.png 300w\" sizes=\"auto, (max-width: 629px) 100vw, 629px\" \/><\/p>\n<p>{youtube}uLJWxdJwAyA{\/youtube}<\/p>\n<p style=\"text-align: justify;\">Manab\u00ed es una provincia ecuatoriana localizada en el emplazamiento centro-noroeste del Ecuador continental, cuya unidad jur\u00eddica se ubica en la regi\u00f3n geogr\u00e1fica del litoral, que a su vez se encuentra dividida por el cruce de la l\u00ednea equinoccial. Su capital es Portoviejo.<\/p>\n<p style=\"text-align: justify;\">Limita al oeste con el Oc\u00e9ano Pac\u00edfico, al norte con la provincia de Esmeraldas, al este con la provincia de Santo Domingo de los Ts\u00e1chilas y Los R\u00edos, al sur con la provincia de Santa Elena y al sur y este con la provincia de Guayas. En el costa se encuentra la ciudad y puerto de Manta, el cual es un importante centro pesquero y de transferencia de carga del Ecuador. Manab\u00ed es la tercera provincia m\u00e1s poblada de Ecuador.<\/p>\n","protected":false},"excerpt":{"rendered":"<p>{youtube}uLJWxdJwAyA{\/youtube} Manab\u00ed es una provincia ecuatoriana localizada en el emplazamiento centro-noroeste del Ecuador continental, cuya unidad jur\u00eddica se ubica en la regi\u00f3n geogr\u00e1fica del litoral, que a su vez se encuentra dividida por el cruce de la l\u00ednea equinoccial. Su capital es Portoviejo. Limita al oeste con el Oc\u00e9ano Pac\u00edfico, al norte con la provincia&hellip;<\/p>\n","protected":false},"author":4,"featured_media":128,"comment_status":"closed","ping_status":"closed","sticky":false,"template":"","format":"standard","meta":[],"categories":[1],"tags":[],"yst_prominent_words":[],"class_list":["post-129","post","type-post","status-publish","format-standard","has-post-thumbnail","hentry","category-sin-categoria","category-1","description-off"],"_links":{"self":[{"href":"https:\/\/gadelanegado.gob.ec\/manabi\/wp-json\/wp\/v2\/posts\/129","targetHints":{"allow":["GET"]}}],"collection":[{"href":"https:\/\/gadelanegado.gob.ec\/manabi\/wp-json\/wp\/v2\/posts"}],"about":[{"href":"https:\/\/gadelanegado.gob.ec\/manabi\/wp-json\/wp\/v2\/types\/post"}],"author":[{"embeddable":true,"href":"https:\/\/gadelanegado.gob.ec\/manabi\/wp-json\/wp\/v2\/users\/4"}],"replies":[{"embeddable":true,"href":"https:\/\/gadelanegado.gob.ec\/manabi\/wp-json\/wp\/v2\/comments?post=129"}],"version-history":[{"count":5,"href":"https:\/\/gadelanegado.gob.ec\/manabi\/wp-json\/wp\/v2\/posts\/129\/revisions"}],"predecessor-version":[{"id":214,"href":"https:\/\/gadelanegado.gob.ec\/manabi\/wp-json\/wp\/v2\/posts\/129\/revisions\/214"}],"wp:featuredmedia":[{"embeddable":true,"href":"https:\/\/gadelanegado.gob.ec\/manabi\/wp-json\/wp\/v2\/media\/128"}],"wp:attachment":[{"href":"https:\/\/gadelanegado.gob.ec\/manabi\/wp-json\/wp\/v2\/media?parent=129"}],"wp:term":[{"taxonomy":"category","embeddable":true,"href":"https:\/\/gadelanegado.gob.ec\/manabi\/wp-json\/wp\/v2\/categories?post=129"},{"taxonomy":"post_tag","embeddable":true,"href":"https:\/\/gadelanegado.gob.ec\/manabi\/wp-json\/wp\/v2\/tags?post=129"},{"taxonomy":"yst_prominent_words","embeddable":true,"href":"https:\/\/gadelanegado.gob.ec\/manabi\/wp-json\/wp\/v2\/yst_prominent_words?post=129"}],"curies":[{"name":"wp","href":"https:\/\/api.w.org\/{rel}","templated":true}]}}