{"id":113,"date":"2011-10-13T15:22:10","date_gmt":"2011-10-13T19:22:10","guid":{"rendered":"http:\/\/gadelanegado.gob.ec\/manabi\/?p=113"},"modified":"2023-06-19T10:18:31","modified_gmt":"2023-06-19T14:18:31","slug":"datos-generales","status":"publish","type":"post","link":"https:\/\/gadelanegado.gob.ec\/manabi\/datos-generales\/","title":{"rendered":"Datos Generales"},"content":{"rendered":"<p style=\"text-align: center;\"><b>DATOS DE LA PARROQUIA RURAL EL ANEGADO<\/b><\/p>\n<p><b>\u00a0<\/b><b><br \/>\n<\/b><b>CREACI\u00d3N<\/b><b>\u00a0<\/b><\/p>\n<p style=\"text-align: justify;\">En los libros se registran datosdel 16 de Marzo de 1956 como Parroquializaci\u00f3n, pero esta parroquia seg\u00fan el Registro Oficial celebra el 17 de Abril de cada a\u00f1o un aniversario m\u00e1s de creaci\u00f3n pol\u00edtica.<\/p>\n<p style=\"text-align: justify;\"><b><br \/>\n<\/b><b>SUPERFICIE<br \/>\n<\/b>El \u00e1rea de La Parroquia El Anegado tiene una extensi\u00f3n territorial de 117,11 Km; la Parroquia El Anegado se encuentra ubicado a 16 km, de la cabecera Cantonal de Jipijapa y a 120 km de Guayaquil, la v\u00eda principal que une la Provincia del Guayas con Manab\u00ed, atraviesa por algunas comunidades de \u00e9sta parroquia como son: La Crucita, Los Pocitos, La Fuente, El P\u00e1ramo, Los Vergeles, La Susana, El Beldaco, Pan y Agua.<\/p>\n<p style=\"text-align: justify;\"><b>CLIMA<\/b><\/p>\n<p style=\"text-align: justify;\">Su clima est\u00e1 influenciado por la corriente fr\u00eda de Humbolth, y la c\u00e1lida del Ni\u00f1o. Las mismas que determinan 2 \u00e9pocas claramente establecidas.<\/p>\n<p style=\"text-align: justify;\">\u00c9poca de verano, comprendida desde los meses de Junio hasta Diciembre.<\/p>\n<p style=\"text-align: justify;\">\u00c9poca lluviosa, comprendida desde los meses de Enero hasta Mayo.<\/p>\n<p style=\"text-align: justify;\"><b><br \/>\n<\/b><b>TEMPERATURA<\/b><\/p>\n<p style=\"text-align: justify;\">La temperatura tiene importantes variaciones de Febrero a Abril su promedio es de 18 \u00baC y en agosto 24 \u00baC.<\/p>\n<p style=\"text-align: justify;\"><b><br \/>\n<\/b><b>OROGRAF\u00cdA<\/b><\/p>\n<p style=\"text-align: justify;\">El relieve es accidentado, la cordillera Chong\u00f3n y Colonche domina su territorio y se presentan altitudes de 250 hasta 800.<\/p>\n","protected":false},"excerpt":{"rendered":"<p>DATOS DE LA PARROQUIA RURAL EL ANEGADO \u00a0 CREACI\u00d3N\u00a0 En los libros se registran datosdel 16 de Marzo de 1956 como Parroquializaci\u00f3n, pero esta parroquia seg\u00fan el Registro Oficial celebra el 17 de Abril de cada a\u00f1o un aniversario m\u00e1s de creaci\u00f3n pol\u00edtica. SUPERFICIE El \u00e1rea de La Parroquia El Anegado tiene una extensi\u00f3n territorial&hellip;<\/p>\n","protected":false},"author":4,"featured_media":0,"comment_status":"closed","ping_status":"closed","sticky":false,"template":"","format":"standard","meta":[],"categories":[1],"tags":[],"yst_prominent_words":[58],"class_list":["post-113","post","type-post","status-publish","format-standard","hentry","category-sin-categoria","category-1","description-off"],"_links":{"self":[{"href":"https:\/\/gadelanegado.gob.ec\/manabi\/wp-json\/wp\/v2\/posts\/113","targetHints":{"allow":["GET"]}}],"collection":[{"href":"https:\/\/gadelanegado.gob.ec\/manabi\/wp-json\/wp\/v2\/posts"}],"about":[{"href":"https:\/\/gadelanegado.gob.ec\/manabi\/wp-json\/wp\/v2\/types\/post"}],"author":[{"embeddable":true,"href":"https:\/\/gadelanegado.gob.ec\/manabi\/wp-json\/wp\/v2\/users\/4"}],"replies":[{"embeddable":true,"href":"https:\/\/gadelanegado.gob.ec\/manabi\/wp-json\/wp\/v2\/comments?post=113"}],"version-history":[{"count":2,"href":"https:\/\/gadelanegado.gob.ec\/manabi\/wp-json\/wp\/v2\/posts\/113\/revisions"}],"predecessor-version":[{"id":3782,"href":"https:\/\/gadelanegado.gob.ec\/manabi\/wp-json\/wp\/v2\/posts\/113\/revisions\/3782"}],"wp:attachment":[{"href":"https:\/\/gadelanegado.gob.ec\/manabi\/wp-json\/wp\/v2\/media?parent=113"}],"wp:term":[{"taxonomy":"category","embeddable":true,"href":"https:\/\/gadelanegado.gob.ec\/manabi\/wp-json\/wp\/v2\/categories?post=113"},{"taxonomy":"post_tag","embeddable":true,"href":"https:\/\/gadelanegado.gob.ec\/manabi\/wp-json\/wp\/v2\/tags?post=113"},{"taxonomy":"yst_prominent_words","embeddable":true,"href":"https:\/\/gadelanegado.gob.ec\/manabi\/wp-json\/wp\/v2\/yst_prominent_words?post=113"}],"curies":[{"name":"wp","href":"https:\/\/api.w.org\/{rel}","templated":true}]}}