{"id":111,"date":"2011-10-13T15:19:47","date_gmt":"2011-10-13T19:19:47","guid":{"rendered":"http:\/\/gadelanegado.gob.ec\/manabi\/?p=111"},"modified":"2011-10-13T15:19:47","modified_gmt":"2011-10-13T19:19:47","slug":"division-politica","status":"publish","type":"post","link":"https:\/\/gadelanegado.gob.ec\/manabi\/division-politica\/","title":{"rendered":"Divisi\u00f3n Pol\u00edtica"},"content":{"rendered":"<p> <\/p>\n<p style=\"text-align: center;\"><b><span><span><span><br \/><\/span><\/span><\/span><\/b><b><span>L\u00cdMITES<\/span><\/b><\/p>\n<p><span>De acuerdo con la Divisi\u00f3n Pol\u00edtica de la parroquia El Anegado limita al:<\/span><\/p>\n<p><b><span>Al Norte<\/span><\/b><span>: La parroquia La Am\u00e9rica.<\/span><\/p>\n<p><b><span>Al Sur:<\/span><\/b><span> Cant\u00f3n Paj\u00e1n.<\/span><span> <\/span><span><\/span><\/p>\n<p><b><span>Al Este:<\/span><\/b><span> Cant\u00f3n Paj\u00e1n.<\/span><\/p>\n<p><b><span>Al Oeste:<\/span><\/b><span> La parroquia Julcuy.<\/span><\/p>\n","protected":false},"excerpt":{"rendered":"<p>L\u00cdMITES De acuerdo con la Divisi\u00f3n Pol\u00edtica de la parroquia El Anegado limita al: Al Norte: La parroquia La Am\u00e9rica. Al Sur: Cant\u00f3n Paj\u00e1n. Al Este: Cant\u00f3n Paj\u00e1n. Al Oeste: La parroquia Julcuy.<\/p>\n","protected":false},"author":4,"featured_media":0,"comment_status":"closed","ping_status":"closed","sticky":false,"template":"","format":"standard","meta":[],"categories":[1],"tags":[],"yst_prominent_words":[],"class_list":["post-111","post","type-post","status-publish","format-standard","hentry","category-sin-categoria","category-1","description-off"],"_links":{"self":[{"href":"https:\/\/gadelanegado.gob.ec\/manabi\/wp-json\/wp\/v2\/posts\/111","targetHints":{"allow":["GET"]}}],"collection":[{"href":"https:\/\/gadelanegado.gob.ec\/manabi\/wp-json\/wp\/v2\/posts"}],"about":[{"href":"https:\/\/gadelanegado.gob.ec\/manabi\/wp-json\/wp\/v2\/types\/post"}],"author":[{"embeddable":true,"href":"https:\/\/gadelanegado.gob.ec\/manabi\/wp-json\/wp\/v2\/users\/4"}],"replies":[{"embeddable":true,"href":"https:\/\/gadelanegado.gob.ec\/manabi\/wp-json\/wp\/v2\/comments?post=111"}],"version-history":[{"count":0,"href":"https:\/\/gadelanegado.gob.ec\/manabi\/wp-json\/wp\/v2\/posts\/111\/revisions"}],"wp:attachment":[{"href":"https:\/\/gadelanegado.gob.ec\/manabi\/wp-json\/wp\/v2\/media?parent=111"}],"wp:term":[{"taxonomy":"category","embeddable":true,"href":"https:\/\/gadelanegado.gob.ec\/manabi\/wp-json\/wp\/v2\/categories?post=111"},{"taxonomy":"post_tag","embeddable":true,"href":"https:\/\/gadelanegado.gob.ec\/manabi\/wp-json\/wp\/v2\/tags?post=111"},{"taxonomy":"yst_prominent_words","embeddable":true,"href":"https:\/\/gadelanegado.gob.ec\/manabi\/wp-json\/wp\/v2\/yst_prominent_words?post=111"}],"curies":[{"name":"wp","href":"https:\/\/api.w.org\/{rel}","templated":true}]}}