{"id":110,"date":"2011-10-13T15:18:59","date_gmt":"2011-10-13T19:18:59","guid":{"rendered":"http:\/\/gadelanegado.gob.ec\/manabi\/?p=110"},"modified":"2011-10-13T15:18:59","modified_gmt":"2011-10-13T19:18:59","slug":"simbolos-parroquiales","status":"publish","type":"post","link":"https:\/\/gadelanegado.gob.ec\/manabi\/simbolos-parroquiales\/","title":{"rendered":"S\u00edmbolos Parroquiales"},"content":{"rendered":"<div style=\"height: 750px; text-align: justify; overflow: auto;\">\n<p style=\"text-align: center;\"><strong>Bandera, Escudo e Himno de la Parroquia <\/strong><\/p>\n<ul>\n<li style=\"text-align: center;\"><b>LA BANDERA<\/b><\/li>\n<li style=\"text-align: center;\"><strong>\u00a0<\/strong><\/li>\n<\/ul>\n<p>La Bandera de la PARROQUIA EL ANEGADO tiene tres franjas horizontales, desde abajo hacia arriba iniciamos con la franja roja, verde,celeste, y La franja verde es dos veces m\u00e1s amplia que la roja y la celeste. El significado de los colores de la bandera es el siguiente:\u00a0\u00a0 El rojorepresenta la sangre vertida por nuestros h\u00e9roes, quienes nos legaron Patria y Libertad. El color VERDEsignifica vida abundante en la naturaleza como tambi\u00e9n es el color de la esperanza de la primavera. El\u00a0\u00a0 CELESTE representa el color del mar, el cielo y la abundante agua que existe en la parroquia.<\/p>\n<p>\u00a0<\/p>\n<p>\u00a0<\/p>\n<ul>\n<li style=\"text-align: center;\"><img loading=\"lazy\" decoding=\"async\" class=\" size-full wp-image-108\" alt=\"Bandera_Anegado\" src=\"http:\/\/gadelanegado.gob.ec\/manabi\/wp-content\/uploads\/2011\/10\/Bandera_Anegado.jpg\" height=\"356\" width=\"475\" \/><\/li>\n<li style=\"text-align: center;\"><\/li>\n<li style=\"text-align: center;\"><b>EL ESCUDO<\/b><\/li>\n<li style=\"text-align: center;\"><strong>\u00a0<br \/><\/strong><\/li>\n<\/ul>\n<p>El c\u00f3ndor simboliza el poder al considerarse el ave nativa que m\u00e1s alto vuela. El c\u00f3ndor ha sido s\u00edmbolo de poder\u00edo y altivez, como lo es el \u00e1guila en los escudos de otras naciones.<\/p>\n<p>El Chimborazo y las tierras f\u00e9rtiles ba\u00f1adas por los r\u00edos, representan la majestuosidad de los Andes y la riqueza agr\u00edcola e h\u00eddrica del pa\u00eds.  La rama de laurel, no muy bien dibujada en este escudo, es el s\u00edmbolo reconocido de la victoria en el mundo entero.\u00a0\u00a0 Los victoriosos en cualquier campo recib\u00edan antiguamente una corona de laurel como reconocimiento.<\/p>\n<p>La rama de olivo, s\u00edmbolo de la paz.\u00a0\u00a0<img loading=\"lazy\" decoding=\"async\" class=\" size-full wp-image-109\" alt=\"Escudo_Anegado\" src=\"http:\/\/gadelanegado.gob.ec\/manabi\/wp-content\/uploads\/2011\/10\/Escudo_Anegado.jpg\" height=\"362\" width=\"353\" srcset=\"https:\/\/gadelanegado.gob.ec\/manabi\/wp-content\/uploads\/2011\/10\/Escudo_Anegado.jpg 491w, https:\/\/gadelanegado.gob.ec\/manabi\/wp-content\/uploads\/2011\/10\/Escudo_Anegado-292x300.jpg 292w\" sizes=\"auto, (max-width: 353px) 100vw, 353px\" \/><\/p>\n<\/p><\/div>\n<div style=\"height: 750px; text-align: justify; overflow: auto;\">\n<p align=\"center\"><b><span>\u00a0<\/span><\/b>\u00a0<\/p>\n<p style=\"text-align: center;\" align=\"center\"><b><span>HIMNO DE LA PARROQUIA<\/span><\/b><\/p>\n<p align=\"center\"><span>\u00a0<\/span>\u00a0<\/p>\n<p align=\"center\"><span>LETRA: LCDO. WALTON PONCE SEMINARIO<\/span><\/p>\n<p align=\"center\"><span>M\u00daSICA: LCDO. WILTER SOLEDISPA CASTRO<\/span><\/p>\n<p style=\"text-align: center;\"><span>\u00a0<\/span><span>CORO<\/span><\/p>\n<p> <\/p>\n<p align=\"center\"><span>\u00a1Salve noble terru\u00f1o querido!<\/span><\/p>\n<p align=\"center\"><span>Adornado de un glauco paisaje,\u00a0<\/span> <br \/><span>Patria hermosa donde hemos nacido,<\/span><\/p>\n<p align=\"center\"><span>Te adoramos con alma y coraje.<\/span><\/p>\n<p align=\"center\"><span> <\/span><\/p>\n<p align=\"center\"><span>ESTROFAS<\/span><\/p>\n<p align=\"center\"><span>\u00a0<\/span>\u00a0<\/p>\n<p align=\"center\"><span>OH! Fecundo solar, Eloy Alfaro,<\/span><\/p>\n<p align=\"center\"><span>Cabecera de nuestra Parroquia,<\/span><\/p>\n<p align=\"center\"><span>Eres luz de encendido faro<\/span><\/p>\n<p align=\"center\"><span>De virtud, paz, amor y trabajo<\/span><\/p>\n<p align=\"center\"><span>Adelante en la lid empezada<\/span><\/p>\n<p align=\"center\"><span>Del progreso y pujanza imperial,<\/span><\/p>\n<p align=\"center\"><span>Tus recintos y pueblos hermanos,<\/span><\/p>\n<p align=\"center\"><span>\u00a1Os saludan tu marcha triunfal!<\/span><\/p>\n<p align=\"center\"><span>\u00a0<\/span>\u00a0<\/p>\n<p align=\"center\"><span>II<\/span><\/p>\n<p align=\"center\"><span>Se\u00f1orial Parroquia El Anegado,<\/span><\/p>\n<p align=\"center\"><span>Donde crecen frondosos frutales,<\/span><\/p>\n<p align=\"center\"><span>A dios gracias el haber legado<\/span><\/p>\n<p align=\"center\"><span>Tantos hijos e hijas leales.<\/span><\/p>\n<p align=\"center\"><span>Pueblo digno de verde esperanza<\/span><\/p>\n<p align=\"center\"><span>Ya tus hijos tu historia ha forjado\u00a0<\/span><br \/> <span>Por labor, altruismo y pujanza<\/span><\/p>\n<p style=\"text-align: center;\">\u00a0<span>Seas bendito y mil veces amado<\/span><\/p>\n<\/div>\n","protected":false},"excerpt":{"rendered":"<p>Bandera, Escudo e Himno de la Parroquia LA BANDERA \u00a0 La Bandera de la PARROQUIA EL ANEGADO tiene tres franjas horizontales, desde abajo hacia arriba iniciamos con la franja roja, verde,celeste, y La franja verde es dos veces m\u00e1s amplia que la roja y la celeste. El significado de los colores de la bandera es&hellip;<\/p>\n","protected":false},"author":4,"featured_media":108,"comment_status":"closed","ping_status":"closed","sticky":false,"template":"","format":"standard","meta":[],"categories":[1],"tags":[],"yst_prominent_words":[],"class_list":["post-110","post","type-post","status-publish","format-standard","has-post-thumbnail","hentry","category-sin-categoria","category-1","description-off"],"_links":{"self":[{"href":"https:\/\/gadelanegado.gob.ec\/manabi\/wp-json\/wp\/v2\/posts\/110","targetHints":{"allow":["GET"]}}],"collection":[{"href":"https:\/\/gadelanegado.gob.ec\/manabi\/wp-json\/wp\/v2\/posts"}],"about":[{"href":"https:\/\/gadelanegado.gob.ec\/manabi\/wp-json\/wp\/v2\/types\/post"}],"author":[{"embeddable":true,"href":"https:\/\/gadelanegado.gob.ec\/manabi\/wp-json\/wp\/v2\/users\/4"}],"replies":[{"embeddable":true,"href":"https:\/\/gadelanegado.gob.ec\/manabi\/wp-json\/wp\/v2\/comments?post=110"}],"version-history":[{"count":0,"href":"https:\/\/gadelanegado.gob.ec\/manabi\/wp-json\/wp\/v2\/posts\/110\/revisions"}],"wp:featuredmedia":[{"embeddable":true,"href":"https:\/\/gadelanegado.gob.ec\/manabi\/wp-json\/wp\/v2\/media\/108"}],"wp:attachment":[{"href":"https:\/\/gadelanegado.gob.ec\/manabi\/wp-json\/wp\/v2\/media?parent=110"}],"wp:term":[{"taxonomy":"category","embeddable":true,"href":"https:\/\/gadelanegado.gob.ec\/manabi\/wp-json\/wp\/v2\/categories?post=110"},{"taxonomy":"post_tag","embeddable":true,"href":"https:\/\/gadelanegado.gob.ec\/manabi\/wp-json\/wp\/v2\/tags?post=110"},{"taxonomy":"yst_prominent_words","embeddable":true,"href":"https:\/\/gadelanegado.gob.ec\/manabi\/wp-json\/wp\/v2\/yst_prominent_words?post=110"}],"curies":[{"name":"wp","href":"https:\/\/api.w.org\/{rel}","templated":true}]}}