{"id":106,"date":"2011-10-13T15:17:33","date_gmt":"2011-10-13T19:17:33","guid":{"rendered":"http:\/\/gadelanegado.gob.ec\/manabi\/?p=106"},"modified":"2023-06-19T10:30:30","modified_gmt":"2023-06-19T14:30:30","slug":"historia","status":"publish","type":"post","link":"https:\/\/gadelanegado.gob.ec\/manabi\/historia\/","title":{"rendered":"Historia de la Parroquia El Anegado"},"content":{"rendered":"<p style=\"text-align: center;\"><strong>DATOS HIST\u00d3RICOS<\/strong><\/p>\n<p>A partir del a\u00f1o 1900, solo exist\u00edan asentamientos de familias en este sector, encabezados por los se\u00f1ores, Vicente Menoscal, Alejandro Indacochea, H\u00e9ctor Indacochea, Porfirio G\u00f3mez, Eduardo Gonz\u00e1lez, Calascan Parrales, Viterbo Pincay, Jer\u00f3nimo Sol\u00eds, Marcos Marcillo, entre otros. Estos hombres fueron eminentemente agricultores, los mismos que con el pasar del tiempo se fueron multiplicandos, llegando a formar lo que hoy se conoce como El Anegado.<\/p>\n<p>El nombre de El Anegado nace por ser una zona monta\u00f1osa, donde se presentaban fuertes lluvias las mismas que inundaban la zona baja, volvi\u00e9ndose los caminos intransitables.<\/p>\n<p>Cuentan los ancianos de la parroquia que los habitantes para trasladarse de un lugar a otro lo hac\u00edan a trav\u00e9s de puentes de ca\u00f1a guadua y de balsas. Los pobladores realizaban sus actividades comerciales en Jipijapa los mismos que empleaban cuatro horas en \u00e9poca seca y entre 6 a 8 horas en \u00e9poca lluviosa cuyo \u00fanico medio de transporte eran las ac\u00e9milas.<\/p>\n<p>En el a\u00f1o de 1922 y por pedido de las autoridades militares se conforma la Compa\u00f1\u00eda de Guardia Nacional donde se integr\u00f3 a m\u00e1s de 300 hombres siendo dirigida por el se\u00f1or Diego Indacochea Pisco y el se\u00f1or Fernando Tagle Sanc\u00e1n, con la colaboraci\u00f3n de los se\u00f1ores Lorenzo Marcillo, Asunci\u00f3n Villamar, Israel Calder\u00f3n como sus ayudantes.<\/p>\n<p>El objetivo de esta misi\u00f3n era preparar a los j\u00f3venes en estrategias militares para defender el territorio nacional ante las amenazas de invasi\u00f3n por parte del Per\u00fa. Esta compa\u00f1\u00eda de guardia tuvo seis meses aproximadamente de\u00a0 duraci\u00f3n en la parroquia.<\/p>\n<p>A partir de ese entonces se conforma un Comit\u00e9 Pro-mejoras con el \u00fanico objetivo de obtener la Parroquializaci\u00f3n ya que este lugar pertenec\u00eda a la Parroquia Julcuy, iniciativa que fue tomada por las dificultades que se presentaban al realizar los diferentes tr\u00e1mites.<\/p>\n<p>En 1956 el Municipio en dos sesiones celebradas los d\u00edas 25 de febrero y el 16 de marzo de ese mismos a\u00f1os decide por unanimidad aprobar la solicitud de creaci\u00f3n de la Parroquia El Anegado de conformidad con lo que establece el Art. 82 de la ley de R\u00e9gimen Municipal.<\/p>\n<p>En ese mismo a\u00f1o, el Presidente de la Rep\u00fablica se\u00f1or Doctor Jos\u00e9 Mar\u00eda Velasco Ibarra, publica en el Registro Oficial # 1120, Quito viernes 11 de mayo de 1956, con acuerdo n\u00famero 491 y 16 de marzo de 1956, una vez elevada a categor\u00eda de parroquia cuyo Decreto Presidencial dice: \u201cComun\u00edquese.- Palacio Nacional, en Quito a 17 de Abril de 1956. Por el Presidente constitucional de la Rep\u00fablica.- El Ministerio de Municipalidades.<\/p>\n<p>Firma el Se\u00f1or Doctor Rafael Arizaga Vera\u201d La inauguraci\u00f3n se la realiz\u00f3 el 19 de marzo de 1956, fue fundada por el presidente de la rep\u00fablica de ese entonces.<\/p>\n<p>La parroquia se crea mediante la expedici\u00f3n del Art\u00edculo 21 de la ley de divisi\u00f3n territorial letra C n\u00famero s\u00e9ptimo del Art. 40 de la ley de R\u00e9gimen Municipal.<\/p>\n<p>En su creaci\u00f3n se la form\u00f3 con 28 recintos: Eloy Alfaro como cabecera parroquial, recintos, Los Andes, Potrerillo (comuna Sucre ), La Chirimoya, Zobeida, Buenos Aires, Bajo Grande, La Golondrina (Las Golondrinas), El Tigrillo (San Francisco), Mis Baque (Boca de Mis\u00a0 Baque), La Tranca (Santa Lucia), Abd\u00f3n Calder\u00f3n (Cerro Prieto), Los Amarillos, El Retiro, Pozo Dulce, Aguapato, El Guarango, El Secal, Pan y Agua, La Susana, Ca\u00f1ita, El Corozo, El P\u00e1ramo, La Planchada, Flor del Salto, La Florida, JuanMontalvo y Los Pocitos.<\/p>\n<p>En los libros se registran datos del 16 de marzo de 1956 como Parroquializaci\u00f3n, pero esta parroquia seg\u00fan el registro oficial celebra el 17 de abril de cada a\u00f1o un aniversario m\u00e1s de creaci\u00f3n pol\u00edtica.<\/p>\n<p>Una vez elevada a parroquia se decide nombrar las autoridades recayendo la dignidad de Teniente Pol\u00edtico en el se\u00f1or Olmedo V\u00e1squez y como Secretario el se\u00f1or Nicol\u00e1s V\u00e1squez Torres oriundosdel Cant\u00f3n Jipijapa, y como Presidente de la Junta Parroquial el se\u00f1or Francisco Campozano Catagua tambi\u00e9n se design\u00f3 a la se\u00f1orita Julia Fienco como primera profesora Municipal, tambi\u00e9n se destaca la labor de la se\u00f1orita Albertina Garay como profesora particular de esta parroquia .<\/p>\n<p>La primera enfermera del subcentro de Salud fue la se\u00f1orita Mar\u00eda Vieira oriunda de Bah\u00eda de Car\u00e1quez, cabe destacar el gesto fil\u00e1ntropo del se\u00f1or Eulogio Gonz\u00e1les Castillo, quien don\u00f3 el terreno para la construcci\u00f3n del subcentro de salud en la cabecera Parroquial, del se\u00f1or Pedro Mar\u00eda Pincay en la donaci\u00f3n del terreno para la construcci\u00f3n de la escuela fiscal \u201cLuis Augusto Mendoza Moreira\u201d.<\/p>\n<p><a href=\"http:\/\/gadelanegado.gob.ec\/manabi\/wp-content\/uploads\/2011\/10\/PARQUE.jpg\"><img loading=\"lazy\" decoding=\"async\" class=\"aligncenter\" src=\"http:\/\/gadelanegado.gob.ec\/manabi\/wp-content\/uploads\/2011\/10\/PARQUE.jpg\" alt=\"PARQUE\" width=\"427\" height=\"320\" data-id=\"194\" \/><\/a><\/p>\n<p style=\"text-align: justify;\">\n","protected":false},"excerpt":{"rendered":"<p>DATOS HIST\u00d3RICOS A partir del a\u00f1o 1900, solo exist\u00edan asentamientos de familias en este sector, encabezados por los se\u00f1ores, Vicente Menoscal, Alejandro Indacochea, H\u00e9ctor Indacochea, Porfirio G\u00f3mez, Eduardo Gonz\u00e1lez, Calascan Parrales, Viterbo Pincay, Jer\u00f3nimo Sol\u00eds, Marcos Marcillo, entre otros. Estos hombres fueron eminentemente agricultores, los mismos que con el pasar del tiempo se fueron multiplicandos,&hellip;<\/p>\n","protected":false},"author":4,"featured_media":0,"comment_status":"closed","ping_status":"closed","sticky":false,"template":"","format":"standard","meta":[],"categories":[1],"tags":[],"yst_prominent_words":[59],"class_list":["post-106","post","type-post","status-publish","format-standard","hentry","category-sin-categoria","category-1","description-off"],"_links":{"self":[{"href":"https:\/\/gadelanegado.gob.ec\/manabi\/wp-json\/wp\/v2\/posts\/106","targetHints":{"allow":["GET"]}}],"collection":[{"href":"https:\/\/gadelanegado.gob.ec\/manabi\/wp-json\/wp\/v2\/posts"}],"about":[{"href":"https:\/\/gadelanegado.gob.ec\/manabi\/wp-json\/wp\/v2\/types\/post"}],"author":[{"embeddable":true,"href":"https:\/\/gadelanegado.gob.ec\/manabi\/wp-json\/wp\/v2\/users\/4"}],"replies":[{"embeddable":true,"href":"https:\/\/gadelanegado.gob.ec\/manabi\/wp-json\/wp\/v2\/comments?post=106"}],"version-history":[{"count":14,"href":"https:\/\/gadelanegado.gob.ec\/manabi\/wp-json\/wp\/v2\/posts\/106\/revisions"}],"predecessor-version":[{"id":3791,"href":"https:\/\/gadelanegado.gob.ec\/manabi\/wp-json\/wp\/v2\/posts\/106\/revisions\/3791"}],"wp:attachment":[{"href":"https:\/\/gadelanegado.gob.ec\/manabi\/wp-json\/wp\/v2\/media?parent=106"}],"wp:term":[{"taxonomy":"category","embeddable":true,"href":"https:\/\/gadelanegado.gob.ec\/manabi\/wp-json\/wp\/v2\/categories?post=106"},{"taxonomy":"post_tag","embeddable":true,"href":"https:\/\/gadelanegado.gob.ec\/manabi\/wp-json\/wp\/v2\/tags?post=106"},{"taxonomy":"yst_prominent_words","embeddable":true,"href":"https:\/\/gadelanegado.gob.ec\/manabi\/wp-json\/wp\/v2\/yst_prominent_words?post=106"}],"curies":[{"name":"wp","href":"https:\/\/api.w.org\/{rel}","templated":true}]}}